{"id":3226,"__str__":"Lei Ordin\u00e1ria n\u00ba 2.529, de 02 de fevereiro de 2026","link_detail_backend":"/norma/3226","metadata":{},"texto_integral":"http://sapl.saomigueldoguapore.ro.leg.br/media/sapl/public/normajuridica/2026/3226/lei_ordinaria_2529.pdf","numero":"2529","ano":2026,"esfera_federacao":"M","data":"2026-02-02","data_publicacao":"2026-04-10","veiculo_publicacao":"","pagina_inicio_publicacao":null,"pagina_fim_publicacao":null,"ementa":"Disp\u00f5e sobre a adequa\u00e7\u00e3o da jornada de trabalho e readapta\u00e7\u00e3o funcional dos agentes comunit\u00e1rios de sa\u00fade (ACS) e dos agentes de combate \u00e0s endemias (ACE), por motivo de sa\u00fade, sem preju\u00edzo da remunera\u00e7\u00e3o, e d\u00e1 outras provid\u00eancias.","indexacao":"","observacao":"","complemento":false,"data_vigencia":null,"timestamp":"2026-04-23T10:12:48.380932-04:00","data_ultima_atualizacao":"2026-04-23T10:12:48.596069-04:00","ip":"170.79.85.165","ultima_edicao":"2026-04-23T09:56:30.310161-04:00","tipo":1,"materia":2712,"orgao":null,"user":19,"assuntos":[],"autores":[]}