{"id":6529,"__str__":"Emenda da Comiss\u00e3o de Justi\u00e7a e Reda\u00e7\u00e3o n\u00ba 4 de 2023 | Inclusa em Ordem do Dia | 28/04/2023","link_detail_backend":"/materia/tramitacao/6529","metadata":{},"timestamp":"2023-04-28T12:00:29.648785-04:00","data_tramitacao":"2023-04-28","data_encaminhamento":"2023-04-28","urgente":true,"turno":"U","texto":"","data_fim_prazo":null,"ip":"170.79.85.47","ultima_edicao":"2023-04-28T11:59:48.124732-04:00","status":41,"materia":1277,"unidade_tramitacao_local":18,"unidade_tramitacao_destino":2,"user":20}