{"id":10250,"__str__":"Emenda da Comiss\u00e3o de Justi\u00e7a e Reda\u00e7\u00e3o n\u00ba 26 de 2026 | Inclusa em Ordem do Dia | 13/04/2026","link_detail_backend":"/materia/tramitacao/10250","metadata":{},"timestamp":"2026-04-13T15:28:58.309543-04:00","data_tramitacao":"2026-04-13","data_encaminhamento":"2026-04-13","urgente":false,"turno":"","texto":"","data_fim_prazo":null,"ip":"170.79.86.203","ultima_edicao":"2026-04-13T15:48:46.860724-04:00","status":41,"materia":2842,"unidade_tramitacao_local":46,"unidade_tramitacao_destino":2,"user":33}