{"id":10066,"__str__":"Emenda da Comiss\u00e3o de Justi\u00e7a e Reda\u00e7\u00e3o n\u00ba 1 de 2026 | Inclusa em Ordem do Dia | 13/03/2026","link_detail_backend":"/materia/tramitacao/10066","metadata":{},"timestamp":"2026-03-13T12:12:26.831540-04:00","data_tramitacao":"2026-03-13","data_encaminhamento":"2026-03-13","urgente":true,"turno":"U","texto":"","data_fim_prazo":null,"ip":"170.79.85.167","ultima_edicao":"2026-03-13T12:12:04.270065-04:00","status":41,"materia":2777,"unidade_tramitacao_local":18,"unidade_tramitacao_destino":2,"user":20}