{"id":2742,"__str__":"VETO DE LEI ORDIN\u00c1RIA n\u00ba 2 de 2026","link_detail_backend":"/materia/2742","metadata":{},"numero":2,"ano":2026,"numero_protocolo":null,"data_apresentacao":"2026-03-02","tipo_apresentacao":"E","data_publicacao":null,"numero_origem_externa":"127","ano_origem_externa":2025,"data_origem_externa":null,"apelido":"","dias_prazo":null,"data_fim_prazo":null,"em_tramitacao":false,"polemica":false,"objeto":"","complementar":false,"ementa":"Veto total a lei municipal 2529/2026, que \"Disp\u00f5e sobre a adequa\u00e7\u00e3o da jornada de trabalho e readapta\u00e7\u00e3o funcional dos agentes comunit\u00e1rios de sa\u00fade (ACS) e dos agentes de combate \u00e0s endemias (ACE), por motivo de sa\u00fade, sem preju\u00edzo da remunera\u00e7\u00e3o, e d\u00e1 outras provid\u00eancias.\"","indexacao":"","observacao":"","resultado":"","texto_original":"http://sapl.saomigueldoguapore.ro.leg.br/media/sapl/public/materialegislativa/2026/2742/veto_02-26__veto_total_a_lei_2529-26.pdf","data_ultima_atualizacao":"2026-04-22T11:44:34.770787-04:00","ip":"170.79.85.167","ultima_edicao":"2026-03-20T12:08:55.180332-04:00","tipo":21,"regime_tramitacao":1,"tipo_origem_externa":1,"local_origem_externa":null,"user":33,"anexadas":[],"autores":[]}