{"id":2115,"__str__":"Parecer Jur\u00eddico - Parecer jur\u00eddico 04/2026 de 10/03/2026 por Gleyson Cardoso Fidelis Ramos","link_detail_backend":"/materia/documentoacessorio/2115","metadata":{"signs":{"arquivo":{"admin":[],"autores":[["Gleyson Cardoso Fidelis Ramos",["2026-03-10T11:58:49-04:00","ICP-Brasil - Certificado PF A3"]]]}}},"nome":"Parecer jur\u00eddico 04/2026","data":"2026-03-10","autor":"Gleyson Cardoso Fidelis Ramos","ementa":"Parecer jur\u00eddico em projeto de lei que disp\u00f5e sobre a abertura de cr\u00e9dito especial.","indexacao":".","arquivo":"http://sapl.saomigueldoguapore.ro.leg.br/media/sapl/public/documentoacessorio/2026/2115/parecer_juridico_no_04-26_cred._espec._-_const._creche..pdf","data_ultima_atualizacao":"2026-03-10T12:01:13.548163-04:00","materia":2717,"tipo":11}