{"id":17,"__str__":"Audi\u00eancia P\u00fablica para a revis\u00e3o do plano diretor","link_detail_backend":"/audiencia/17","metadata":{},"numero":17,"ano":2025,"nome":"Audi\u00eancia P\u00fablica para a revis\u00e3o do plano diretor","tema":"Audi\u00eancia P\u00fablica para a revis\u00e3o do plano diretor","data":"2025-06-04","hora_inicio":"19:00","hora_fim":"22:00","observacao":"","audiencia_cancelada":false,"url_audio":"","url_video":"https://www.youtube.com/watch?v=Khy1w9GNWc0","upload_pauta":null,"upload_ata":null,"upload_anexo":null,"materia":null,"tipo":1,"parlamentar_autor":null,"requerimento":null}