{"id":16,"__str__":"Audi\u00eancia P\u00fablica para cria\u00e7\u00e3o do conselho comunit\u00e1rio de seguran\u00e7a p\u00fablica","link_detail_backend":"/audiencia/16","metadata":{},"numero":16,"ano":2025,"nome":"Audi\u00eancia P\u00fablica para cria\u00e7\u00e3o do conselho comunit\u00e1rio de seguran\u00e7a p\u00fablica","tema":"Audi\u00eancia P\u00fablica para cria\u00e7\u00e3o do conselho comunit\u00e1rio de seguran\u00e7a p\u00fablica","data":"2025-03-07","hora_inicio":"15:00","hora_fim":"17:30","observacao":"","audiencia_cancelada":false,"url_audio":"","url_video":"https://www.youtube.com/live/zpRQZG7aXCM?si=eyk575MZdAOuElTv","upload_pauta":null,"upload_ata":null,"upload_anexo":null,"materia":null,"tipo":1,"parlamentar_autor":null,"requerimento":null}